{"id":39860,"date":"2025-11-28T16:55:17","date_gmt":"2025-11-28T16:55:17","guid":{"rendered":"https:\/\/rheempack.com\/?p=39860"},"modified":"2026-04-14T17:43:59","modified_gmt":"2026-04-14T17:43:59","slug":"detras-de-cada-envase-hay-un-equipo-comprometido","status":"publish","type":"post","link":"https:\/\/rheempack.com\/en\/detras-de-cada-envase-hay-un-equipo-comprometido\/","title":{"rendered":"Detr\u00e1s de cada envase, hay un equipo comprometido"},"content":{"rendered":"<div data-elementor-type=\"wp-post\" data-elementor-id=\"39860\" class=\"elementor elementor-39860\" data-elementor-post-type=\"post\">\n\t\t\t\t<div class=\"elementor-element elementor-element-c6b49c0 e-flex e-con-boxed sc_inner_width_none sc_layouts_column_icons_position_left e-con e-parent\" data-id=\"c6b49c0\" data-element_type=\"container\">\n\t\t\t\t\t<div class=\"e-con-inner\">\n\t\t\t\t<div class=\"elementor-element elementor-element-3e2c858 sc_fly_static elementor-widget elementor-widget-text-editor\" data-id=\"3e2c858\" data-element_type=\"widget\" data-widget_type=\"text-editor.default\">\n\t\t\t\t<div class=\"elementor-widget-container\">\n\t\t\t\t\t\t\t<p><i><span style=\"text-align: center; font-weight: 400;\">En Rheem Pack, cada proceso productivo tiene un rostro, una historia y un compromiso. Hoy visibilizamos el trabajo de Carlos Guti\u00e9rrez, Jefe de Operaciones en la Planta de Pl\u00e1sticos, cuya labor asegura calidad, continuidad y eficiencia en la fabricaci\u00f3n de baldes y tapas que llegan a miles de hogares y empresas en Chile.<\/span><\/i><\/p>\t\t\t\t\t\t<\/div>\n\t\t\t\t<\/div>\n\t\t\t\t<div class=\"elementor-element elementor-element-e2800a3 elementor-widget-divider--view-line sc_fly_static elementor-widget elementor-widget-divider\" data-id=\"e2800a3\" data-element_type=\"widget\" data-widget_type=\"divider.default\">\n\t\t\t\t<div class=\"elementor-widget-container\">\n\t\t\t\t\t<div class=\"elementor-divider\">\n\t\t\t<span class=\"elementor-divider-separator\">\n\t\t\t\t\t\t<\/span>\n\t\t<\/div>\n\t\t\t\t<\/div>\n\t\t\t\t<\/div>\n\t\t\t\t<div class=\"elementor-element elementor-element-19c2b88 sc_fly_static elementor-widget elementor-widget-text-editor\" data-id=\"19c2b88\" data-element_type=\"widget\" data-widget_type=\"text-editor.default\">\n\t\t\t\t<div class=\"elementor-widget-container\">\n\t\t\t\t\t\t\t<p><span style=\"font-size: 16px; font-weight: 400; letter-spacing: 0.1px;\">La industria del packaging exige precisi\u00f3n, conocimiento t\u00e9cnico y una coordinaci\u00f3n impecable entre los equipos. En este escenario, Carlos Guti\u00e9rrez cumple un rol clave dentro de la Planta de Pl\u00e1sticos de Rheem Pack. Su trabajo no s\u00f3lo sostiene la operaci\u00f3n diaria, sino que garantiza que cada envase producido cumpla con los est\u00e1ndares que el mercado demanda y que los clientes esperan.<\/span><\/p>\n<p><b>Carlos, <\/b><span style=\"font-weight: 400;\">se\u00f1al\u00f3 que <\/span><strong><i>\u201cser parte de una cadena productiva grande y exigente me motiva d\u00eda a d\u00eda; enfrentar desaf\u00edos operativos y aplicar mi conocimiento t\u00e9cnico es fundamental para asegurar la calidad y continuidad en la fabricaci\u00f3n de baldes y tapas que llegan al retail en todo el pa\u00eds\u201d. <\/i><\/strong><span style=\"font-weight: 400;\">Su enfoque est\u00e1 puesto en mantener una operaci\u00f3n estable, eficiente y preparada para responder a las necesidades del mercado.<\/span><\/p>\n<p><span style=\"font-weight: 400;\">Para \u00e9l, el valor de su trabajo se refleja directamente en el impacto que genera en los productos que las personas utilizan a diario. En sus palabras, <\/span><i><span style=\"font-weight: 400;\">\u201clo que hacemos aqu\u00ed tiene un efecto real: los envases que fabricamos con dedicaci\u00f3n se ven y se usan en todo Chile. Saber que somos parte de ese ciclo es una gran responsabilidad\u201d.<\/span><\/i><span style=\"font-weight: 400;\"> Su testimonio revela la importancia del compromiso humano en cada fase del proceso industrial.<\/span><\/p>\n<p><span style=\"font-weight: 400;\">Historias como la de Carlos muestran que detr\u00e1s de cada envase existe un equipo altamente comprometido con la excelencia operacional. En Rheem Pack, seguimos poniendo en valor a quienes hacen posible cada proceso, impulsando una cultura donde la calidad y el factor humano avanzan siempre de la mano.<\/span><\/p>\t\t\t\t\t\t<\/div>\n\t\t\t\t<\/div>\n\t\t\t\t\t<\/div>\n\t\t\t\t<\/div>\n\t\t\t\t<\/div>","protected":false},"excerpt":{"rendered":"<p>&hellip;<\/p>","protected":false},"author":2,"featured_media":39861,"comment_status":"closed","ping_status":"open","sticky":false,"template":"","format":"standard","meta":{"footnotes":""},"categories":[277],"tags":[],"class_list":["post-39860","post","type-post","status-publish","format-standard","has-post-thumbnail","hentry","category-blog-rheem"],"yoast_head":"<!-- This site is optimized with the Yoast SEO Premium plugin v22.6 (Yoast SEO v23.7) - https:\/\/yoast.com\/wordpress\/plugins\/seo\/ -->\n<title>Equipo comprometido en envases detr\u00e1s de Rheem Pack<\/title>\n<meta name=\"description\" content=\"Equipo comprometido en envases: conoce el trabajo humano detr\u00e1s de Rheem Pack y su aporte a la calidad y desarrollo del packaging industrial.\" \/>\n<meta name=\"robots\" content=\"index, follow, max-snippet:-1, max-image-preview:large, max-video-preview:-1\" \/>\n<link rel=\"canonical\" href=\"https:\/\/rheempack.com\/en\/detras-de-cada-envase-hay-un-equipo-comprometido\/\" \/>\n<meta property=\"og:locale\" content=\"en_US\" \/>\n<meta property=\"og:type\" content=\"article\" \/>\n<meta property=\"og:title\" content=\"Detr\u00e1s de cada envase, hay un equipo comprometido\" \/>\n<meta property=\"og:description\" content=\"Equipo comprometido en envases: conoce el trabajo humano detr\u00e1s de Rheem Pack y su aporte a la calidad y desarrollo del packaging industrial.\" \/>\n<meta property=\"og:url\" content=\"https:\/\/rheempack.com\/en\/detras-de-cada-envase-hay-un-equipo-comprometido\/\" \/>\n<meta property=\"og:site_name\" content=\"Rheem\" \/>\n<meta property=\"article:published_time\" content=\"2025-11-28T16:55:17+00:00\" \/>\n<meta property=\"article:modified_time\" content=\"2026-04-14T17:43:59+00:00\" \/>\n<meta property=\"og:image\" content=\"https:\/\/rheempack.com\/wp-content\/uploads\/2025\/11\/rheem-packaging-industrial-chile.webp\" \/>\n\t<meta property=\"og:image:width\" content=\"1200\" \/>\n\t<meta property=\"og:image:height\" content=\"618\" \/>\n\t<meta property=\"og:image:type\" content=\"image\/webp\" \/>\n<meta name=\"author\" content=\"Soporte Doble o Nada\" \/>\n<meta name=\"twitter:card\" content=\"summary_large_image\" \/>\n<meta name=\"twitter:label1\" content=\"Written by\" \/>\n\t<meta name=\"twitter:data1\" content=\"Soporte Doble o Nada\" \/>\n\t<meta name=\"twitter:label2\" content=\"Est. reading time\" \/>\n\t<meta name=\"twitter:data2\" content=\"2 minutes\" \/>\n<script type=\"application\/ld+json\" class=\"yoast-schema-graph\">{\"@context\":\"https:\/\/schema.org\",\"@graph\":[{\"@type\":\"Article\",\"@id\":\"https:\/\/rheempack.com\/detras-de-cada-envase-hay-un-equipo-comprometido\/#article\",\"isPartOf\":{\"@id\":\"https:\/\/rheempack.com\/detras-de-cada-envase-hay-un-equipo-comprometido\/\"},\"author\":{\"name\":\"Soporte Doble o Nada\",\"@id\":\"https:\/\/rheempack.com\/#\/schema\/person\/d2618a1e290960bc77bb020b5405242c\"},\"headline\":\"Detr\u00e1s de cada envase, hay un equipo comprometido\",\"datePublished\":\"2025-11-28T16:55:17+00:00\",\"dateModified\":\"2026-04-14T17:43:59+00:00\",\"mainEntityOfPage\":{\"@id\":\"https:\/\/rheempack.com\/detras-de-cada-envase-hay-un-equipo-comprometido\/\"},\"wordCount\":333,\"publisher\":{\"@id\":\"https:\/\/rheempack.com\/#organization\"},\"image\":{\"@id\":\"https:\/\/rheempack.com\/detras-de-cada-envase-hay-un-equipo-comprometido\/#primaryimage\"},\"thumbnailUrl\":\"https:\/\/rheempack.com\/wp-content\/uploads\/2025\/11\/rheem-packaging-industrial-chile.webp\",\"articleSection\":[\"blog rheem\"],\"inLanguage\":\"en-US\"},{\"@type\":\"WebPage\",\"@id\":\"https:\/\/rheempack.com\/detras-de-cada-envase-hay-un-equipo-comprometido\/\",\"url\":\"https:\/\/rheempack.com\/detras-de-cada-envase-hay-un-equipo-comprometido\/\",\"name\":\"Equipo comprometido en envases detr\u00e1s de Rheem Pack\",\"isPartOf\":{\"@id\":\"https:\/\/rheempack.com\/#website\"},\"primaryImageOfPage\":{\"@id\":\"https:\/\/rheempack.com\/detras-de-cada-envase-hay-un-equipo-comprometido\/#primaryimage\"},\"image\":{\"@id\":\"https:\/\/rheempack.com\/detras-de-cada-envase-hay-un-equipo-comprometido\/#primaryimage\"},\"thumbnailUrl\":\"https:\/\/rheempack.com\/wp-content\/uploads\/2025\/11\/rheem-packaging-industrial-chile.webp\",\"datePublished\":\"2025-11-28T16:55:17+00:00\",\"dateModified\":\"2026-04-14T17:43:59+00:00\",\"description\":\"Equipo comprometido en envases: conoce el trabajo humano detr\u00e1s de Rheem Pack y su aporte a la calidad y desarrollo del packaging industrial.\",\"breadcrumb\":{\"@id\":\"https:\/\/rheempack.com\/detras-de-cada-envase-hay-un-equipo-comprometido\/#breadcrumb\"},\"inLanguage\":\"en-US\",\"potentialAction\":[{\"@type\":\"ReadAction\",\"target\":[\"https:\/\/rheempack.com\/detras-de-cada-envase-hay-un-equipo-comprometido\/\"]}]},{\"@type\":\"ImageObject\",\"inLanguage\":\"en-US\",\"@id\":\"https:\/\/rheempack.com\/detras-de-cada-envase-hay-un-equipo-comprometido\/#primaryimage\",\"url\":\"https:\/\/rheempack.com\/wp-content\/uploads\/2025\/11\/rheem-packaging-industrial-chile.webp\",\"contentUrl\":\"https:\/\/rheempack.com\/wp-content\/uploads\/2025\/11\/rheem-packaging-industrial-chile.webp\",\"width\":1200,\"height\":618,\"caption\":\"equipo comprometido en envases trabajando en planta industrial\"},{\"@type\":\"BreadcrumbList\",\"@id\":\"https:\/\/rheempack.com\/detras-de-cada-envase-hay-un-equipo-comprometido\/#breadcrumb\",\"itemListElement\":[{\"@type\":\"ListItem\",\"position\":1,\"name\":\"Inicio\",\"item\":\"https:\/\/rheempack.com\/\"},{\"@type\":\"ListItem\",\"position\":2,\"name\":\"Detr\u00e1s de cada envase, hay un equipo comprometido\"}]},{\"@type\":\"WebSite\",\"@id\":\"https:\/\/rheempack.com\/#website\",\"url\":\"https:\/\/rheempack.com\/\",\"name\":\"Rheem\",\"description\":\"Soluciones en Packaging Industrial\",\"publisher\":{\"@id\":\"https:\/\/rheempack.com\/#organization\"},\"potentialAction\":[{\"@type\":\"SearchAction\",\"target\":{\"@type\":\"EntryPoint\",\"urlTemplate\":\"https:\/\/rheempack.com\/?s={search_term_string}\"},\"query-input\":{\"@type\":\"PropertyValueSpecification\",\"valueRequired\":true,\"valueName\":\"search_term_string\"}}],\"inLanguage\":\"en-US\"},{\"@type\":\"Organization\",\"@id\":\"https:\/\/rheempack.com\/#organization\",\"name\":\"Rheem\",\"url\":\"https:\/\/rheempack.com\/\",\"logo\":{\"@type\":\"ImageObject\",\"inLanguage\":\"en-US\",\"@id\":\"https:\/\/rheempack.com\/#\/schema\/logo\/image\/\",\"url\":\"https:\/\/rheempack.com\/wp-content\/uploads\/2024\/03\/image-5-1.png\",\"contentUrl\":\"https:\/\/rheempack.com\/wp-content\/uploads\/2024\/03\/image-5-1.png\",\"width\":212,\"height\":99,\"caption\":\"Rheem\"},\"image\":{\"@id\":\"https:\/\/rheempack.com\/#\/schema\/logo\/image\/\"}},{\"@type\":\"Person\",\"@id\":\"https:\/\/rheempack.com\/#\/schema\/person\/d2618a1e290960bc77bb020b5405242c\",\"name\":\"Soporte Doble o Nada\",\"image\":{\"@type\":\"ImageObject\",\"inLanguage\":\"en-US\",\"@id\":\"https:\/\/rheempack.com\/#\/schema\/person\/image\/\",\"url\":\"https:\/\/secure.gravatar.com\/avatar\/5771203fd408064f8c89701f35101c46?s=96&d=mm&r=g\",\"contentUrl\":\"https:\/\/secure.gravatar.com\/avatar\/5771203fd408064f8c89701f35101c46?s=96&d=mm&r=g\",\"caption\":\"Soporte Doble o Nada\"},\"url\":\"https:\/\/rheempack.com\/en\/author\/soportedn\/\"}]}<\/script>\n<!-- \/ Yoast SEO Premium plugin. -->","yoast_head_json":{"title":"Equipo comprometido en envases detr\u00e1s de Rheem Pack","description":"Equipo comprometido en envases: conoce el trabajo humano detr\u00e1s de Rheem Pack y su aporte a la calidad y desarrollo del packaging industrial.","robots":{"index":"index","follow":"follow","max-snippet":"max-snippet:-1","max-image-preview":"max-image-preview:large","max-video-preview":"max-video-preview:-1"},"canonical":"https:\/\/rheempack.com\/en\/detras-de-cada-envase-hay-un-equipo-comprometido\/","og_locale":"en_US","og_type":"article","og_title":"Detr\u00e1s de cada envase, hay un equipo comprometido","og_description":"Equipo comprometido en envases: conoce el trabajo humano detr\u00e1s de Rheem Pack y su aporte a la calidad y desarrollo del packaging industrial.","og_url":"https:\/\/rheempack.com\/en\/detras-de-cada-envase-hay-un-equipo-comprometido\/","og_site_name":"Rheem","article_published_time":"2025-11-28T16:55:17+00:00","article_modified_time":"2026-04-14T17:43:59+00:00","og_image":[{"width":1200,"height":618,"url":"https:\/\/rheempack.com\/wp-content\/uploads\/2025\/11\/rheem-packaging-industrial-chile.webp","type":"image\/webp"}],"author":"Soporte Doble o Nada","twitter_card":"summary_large_image","twitter_misc":{"Written by":"Soporte Doble o Nada","Est. reading time":"2 minutes"},"schema":{"@context":"https:\/\/schema.org","@graph":[{"@type":"Article","@id":"https:\/\/rheempack.com\/detras-de-cada-envase-hay-un-equipo-comprometido\/#article","isPartOf":{"@id":"https:\/\/rheempack.com\/detras-de-cada-envase-hay-un-equipo-comprometido\/"},"author":{"name":"Soporte Doble o Nada","@id":"https:\/\/rheempack.com\/#\/schema\/person\/d2618a1e290960bc77bb020b5405242c"},"headline":"Detr\u00e1s de cada envase, hay un equipo comprometido","datePublished":"2025-11-28T16:55:17+00:00","dateModified":"2026-04-14T17:43:59+00:00","mainEntityOfPage":{"@id":"https:\/\/rheempack.com\/detras-de-cada-envase-hay-un-equipo-comprometido\/"},"wordCount":333,"publisher":{"@id":"https:\/\/rheempack.com\/#organization"},"image":{"@id":"https:\/\/rheempack.com\/detras-de-cada-envase-hay-un-equipo-comprometido\/#primaryimage"},"thumbnailUrl":"https:\/\/rheempack.com\/wp-content\/uploads\/2025\/11\/rheem-packaging-industrial-chile.webp","articleSection":["blog rheem"],"inLanguage":"en-US"},{"@type":"WebPage","@id":"https:\/\/rheempack.com\/detras-de-cada-envase-hay-un-equipo-comprometido\/","url":"https:\/\/rheempack.com\/detras-de-cada-envase-hay-un-equipo-comprometido\/","name":"Equipo comprometido en envases detr\u00e1s de Rheem Pack","isPartOf":{"@id":"https:\/\/rheempack.com\/#website"},"primaryImageOfPage":{"@id":"https:\/\/rheempack.com\/detras-de-cada-envase-hay-un-equipo-comprometido\/#primaryimage"},"image":{"@id":"https:\/\/rheempack.com\/detras-de-cada-envase-hay-un-equipo-comprometido\/#primaryimage"},"thumbnailUrl":"https:\/\/rheempack.com\/wp-content\/uploads\/2025\/11\/rheem-packaging-industrial-chile.webp","datePublished":"2025-11-28T16:55:17+00:00","dateModified":"2026-04-14T17:43:59+00:00","description":"Equipo comprometido en envases: conoce el trabajo humano detr\u00e1s de Rheem Pack y su aporte a la calidad y desarrollo del packaging industrial.","breadcrumb":{"@id":"https:\/\/rheempack.com\/detras-de-cada-envase-hay-un-equipo-comprometido\/#breadcrumb"},"inLanguage":"en-US","potentialAction":[{"@type":"ReadAction","target":["https:\/\/rheempack.com\/detras-de-cada-envase-hay-un-equipo-comprometido\/"]}]},{"@type":"ImageObject","inLanguage":"en-US","@id":"https:\/\/rheempack.com\/detras-de-cada-envase-hay-un-equipo-comprometido\/#primaryimage","url":"https:\/\/rheempack.com\/wp-content\/uploads\/2025\/11\/rheem-packaging-industrial-chile.webp","contentUrl":"https:\/\/rheempack.com\/wp-content\/uploads\/2025\/11\/rheem-packaging-industrial-chile.webp","width":1200,"height":618,"caption":"equipo comprometido en envases trabajando en planta industrial"},{"@type":"BreadcrumbList","@id":"https:\/\/rheempack.com\/detras-de-cada-envase-hay-un-equipo-comprometido\/#breadcrumb","itemListElement":[{"@type":"ListItem","position":1,"name":"Inicio","item":"https:\/\/rheempack.com\/"},{"@type":"ListItem","position":2,"name":"Detr\u00e1s de cada envase, hay un equipo comprometido"}]},{"@type":"WebSite","@id":"https:\/\/rheempack.com\/#website","url":"https:\/\/rheempack.com\/","name":"Rheem","description":"Soluciones en Packaging Industrial","publisher":{"@id":"https:\/\/rheempack.com\/#organization"},"potentialAction":[{"@type":"SearchAction","target":{"@type":"EntryPoint","urlTemplate":"https:\/\/rheempack.com\/?s={search_term_string}"},"query-input":{"@type":"PropertyValueSpecification","valueRequired":true,"valueName":"search_term_string"}}],"inLanguage":"en-US"},{"@type":"Organization","@id":"https:\/\/rheempack.com\/#organization","name":"Rheem","url":"https:\/\/rheempack.com\/","logo":{"@type":"ImageObject","inLanguage":"en-US","@id":"https:\/\/rheempack.com\/#\/schema\/logo\/image\/","url":"https:\/\/rheempack.com\/wp-content\/uploads\/2024\/03\/image-5-1.png","contentUrl":"https:\/\/rheempack.com\/wp-content\/uploads\/2024\/03\/image-5-1.png","width":212,"height":99,"caption":"Rheem"},"image":{"@id":"https:\/\/rheempack.com\/#\/schema\/logo\/image\/"}},{"@type":"Person","@id":"https:\/\/rheempack.com\/#\/schema\/person\/d2618a1e290960bc77bb020b5405242c","name":"Soporte Doble o Nada","image":{"@type":"ImageObject","inLanguage":"en-US","@id":"https:\/\/rheempack.com\/#\/schema\/person\/image\/","url":"https:\/\/secure.gravatar.com\/avatar\/5771203fd408064f8c89701f35101c46?s=96&d=mm&r=g","contentUrl":"https:\/\/secure.gravatar.com\/avatar\/5771203fd408064f8c89701f35101c46?s=96&d=mm&r=g","caption":"Soporte Doble o Nada"},"url":"https:\/\/rheempack.com\/en\/author\/soportedn\/"}]}},"_links":{"self":[{"href":"https:\/\/rheempack.com\/en\/wp-json\/wp\/v2\/posts\/39860"}],"collection":[{"href":"https:\/\/rheempack.com\/en\/wp-json\/wp\/v2\/posts"}],"about":[{"href":"https:\/\/rheempack.com\/en\/wp-json\/wp\/v2\/types\/post"}],"author":[{"embeddable":true,"href":"https:\/\/rheempack.com\/en\/wp-json\/wp\/v2\/users\/2"}],"replies":[{"embeddable":true,"href":"https:\/\/rheempack.com\/en\/wp-json\/wp\/v2\/comments?post=39860"}],"version-history":[{"count":5,"href":"https:\/\/rheempack.com\/en\/wp-json\/wp\/v2\/posts\/39860\/revisions"}],"predecessor-version":[{"id":39866,"href":"https:\/\/rheempack.com\/en\/wp-json\/wp\/v2\/posts\/39860\/revisions\/39866"}],"wp:featuredmedia":[{"embeddable":true,"href":"https:\/\/rheempack.com\/en\/wp-json\/wp\/v2\/media\/39861"}],"wp:attachment":[{"href":"https:\/\/rheempack.com\/en\/wp-json\/wp\/v2\/media?parent=39860"}],"wp:term":[{"taxonomy":"category","embeddable":true,"href":"https:\/\/rheempack.com\/en\/wp-json\/wp\/v2\/categories?post=39860"},{"taxonomy":"post_tag","embeddable":true,"href":"https:\/\/rheempack.com\/en\/wp-json\/wp\/v2\/tags?post=39860"}],"curies":[{"name":"wp","href":"https:\/\/api.w.org\/{rel}","templated":true}]}}